{"id":619,"date":"2017-12-05T10:44:26","date_gmt":"2017-12-05T09:44:26","guid":{"rendered":"http:\/\/www.philocite.eu\/blog\/?p=619"},"modified":"2017-12-05T10:44:26","modified_gmt":"2017-12-05T09:44:26","slug":"feminismes-elsa-dorlin-la-brigade-dintervention-philosophique-philocite-48fm","status":"publish","type":"post","link":"https:\/\/www.philocite.eu\/blog\/2017\/12\/05\/feminismes-elsa-dorlin-la-brigade-dintervention-philosophique-philocite-48fm\/","title":{"rendered":"F\u00e9minismes (Elsa Dorlin) &#8211; La Brigade d&rsquo;intervention philosophique (PhiloCit\u00e9\/48FM)"},"content":{"rendered":"<p><b>Interview Elsa Dorlin \u00ab\u00a0F\u00e9minismes\u00a0\u00bb (23:07)\u00a0:<\/b><\/p>\n<p><a href=\"https:\/\/www.mixcloud.com\/BIPh\/itw-elsa-dorlin-extrait-biph-250217\/\">https:\/\/www.mixcloud.com\/BIPh\/itw-elsa-dorlin-extrait-biph-250217\/<\/a><\/p>\n<p align=\"justify\">Interview d&rsquo;Elsa Dorlin, professeur de philosophie politique et sociale, auteure notamment \u00ab L&rsquo;\u00e9vidence de l&rsquo;\u00e9galit\u00e9 des sexes, une philosophie oubli\u00e9e du XVIIi\u00e8me si\u00e8cle \u00bb (L&rsquo;Harmattan, 2001), pour une \u00e9mission de la Brigade d&rsquo;Intervention Philosophique questionnant des th\u00e9matiques f\u00e9ministes.<\/p>\n","protected":false},"excerpt":{"rendered":"<p>Interview Elsa Dorlin \u00ab\u00a0F\u00e9minismes\u00a0\u00bb (23:07)\u00a0: https:\/\/www.mixcloud.com\/BIPh\/itw-elsa-dorlin-extrait-biph-250217\/ Interview d&rsquo;Elsa Dorlin, professeur de philosophie politique et sociale, auteure notamment \u00ab L&rsquo;\u00e9vidence de l&rsquo;\u00e9galit\u00e9 des sexes, une philosophie oubli\u00e9e du XVIIi\u00e8me si\u00e8cle \u00bb (L&rsquo;Harmattan, 2001), pour une \u00e9mission de la Brigade d&rsquo;Intervention Philosophique questionnant des th\u00e9matiques f\u00e9ministes.<\/p>\n","protected":false},"author":2,"featured_media":0,"comment_status":"open","ping_status":"open","sticky":false,"template":"","format":"standard","meta":{"footnotes":""},"categories":[86,17],"tags":[115],"class_list":["post-619","post","type-post","status-publish","format-standard","hentry","category-support-audio","category-thematique","tag-feminisme"],"_links":{"self":[{"href":"https:\/\/www.philocite.eu\/blog\/wp-json\/wp\/v2\/posts\/619","targetHints":{"allow":["GET"]}}],"collection":[{"href":"https:\/\/www.philocite.eu\/blog\/wp-json\/wp\/v2\/posts"}],"about":[{"href":"https:\/\/www.philocite.eu\/blog\/wp-json\/wp\/v2\/types\/post"}],"author":[{"embeddable":true,"href":"https:\/\/www.philocite.eu\/blog\/wp-json\/wp\/v2\/users\/2"}],"replies":[{"embeddable":true,"href":"https:\/\/www.philocite.eu\/blog\/wp-json\/wp\/v2\/comments?post=619"}],"version-history":[{"count":1,"href":"https:\/\/www.philocite.eu\/blog\/wp-json\/wp\/v2\/posts\/619\/revisions"}],"predecessor-version":[{"id":620,"href":"https:\/\/www.philocite.eu\/blog\/wp-json\/wp\/v2\/posts\/619\/revisions\/620"}],"wp:attachment":[{"href":"https:\/\/www.philocite.eu\/blog\/wp-json\/wp\/v2\/media?parent=619"}],"wp:term":[{"taxonomy":"category","embeddable":true,"href":"https:\/\/www.philocite.eu\/blog\/wp-json\/wp\/v2\/categories?post=619"},{"taxonomy":"post_tag","embeddable":true,"href":"https:\/\/www.philocite.eu\/blog\/wp-json\/wp\/v2\/tags?post=619"}],"curies":[{"name":"wp","href":"https:\/\/api.w.org\/{rel}","templated":true}]}}