{"id":613,"date":"2017-12-05T10:40:54","date_gmt":"2017-12-05T09:40:54","guid":{"rendered":"http:\/\/www.philocite.eu\/blog\/?p=613"},"modified":"2017-12-05T10:40:54","modified_gmt":"2017-12-05T09:40:54","slug":"emotions-vinciane-despret-la-brigade-dintervention-philosophique-philocite-48fm","status":"publish","type":"post","link":"https:\/\/www.philocite.eu\/blog\/2017\/12\/05\/emotions-vinciane-despret-la-brigade-dintervention-philosophique-philocite-48fm\/","title":{"rendered":"\u00c9motions (Vinciane Despret) \u2013 La Brigade d\u2019Intervention Philosophique (PhiloCit\u00e9\/48FM)"},"content":{"rendered":"<p><b>Interview Vinciane Despret \u00ab\u00a0\u00c9motions\u00a0\u00bb (06:27)\u00a0:<\/b><\/p>\n<p><a href=\"https:\/\/www.mixcloud.com\/BIPh\/biph-interview-vinciane-despret-extrait-300416-la-brigade-dintervention-philosophique-48fm\/\">https:\/\/www.mixcloud.com\/BIPh\/biph-interview-vinciane-despret-extrait-300416-la-brigade-dintervention-philosophique-48fm\/<\/a><\/p>\n<p align=\"justify\">Intervenante de Philostory (Th\u00e9\u00e2tre de Li\u00e8ge) autour de la pi\u00e8ce de th\u00e9\u00e2tre \u00ab\u00a0Tristesses\u00a0\u00bb d&rsquo;Anne-C\u00e9cile Vandalem, Vinciane Despret, philosophe enseignant \u00e0 l\u2019Ulg et auteure de \u00ab\u00a0Au bonheur des morts\u00a0\u00bb, r\u00e9pond au micro de la Brigade d\u2019Intervention Philosophique au sujet du d\u00e9licat sujet des \u00e9motions.<\/p>\n","protected":false},"excerpt":{"rendered":"<p>Interview Vinciane Despret \u00ab\u00a0\u00c9motions\u00a0\u00bb (06:27)\u00a0: https:\/\/www.mixcloud.com\/BIPh\/biph-interview-vinciane-despret-extrait-300416-la-brigade-dintervention-philosophique-48fm\/ Intervenante de Philostory (Th\u00e9\u00e2tre de Li\u00e8ge) autour de la pi\u00e8ce de th\u00e9\u00e2tre \u00ab\u00a0Tristesses\u00a0\u00bb d&rsquo;Anne-C\u00e9cile Vandalem, Vinciane Despret, philosophe enseignant \u00e0 l\u2019Ulg et auteure de \u00ab\u00a0Au bonheur des morts\u00a0\u00bb, r\u00e9pond au micro de la Brigade d\u2019Intervention Philosophique au sujet du d\u00e9licat sujet des \u00e9motions.<\/p>\n","protected":false},"author":2,"featured_media":0,"comment_status":"open","ping_status":"open","sticky":false,"template":"","format":"standard","meta":{"footnotes":""},"categories":[86,17],"tags":[31],"class_list":["post-613","post","type-post","status-publish","format-standard","hentry","category-support-audio","category-thematique","tag-emotions"],"_links":{"self":[{"href":"https:\/\/www.philocite.eu\/blog\/wp-json\/wp\/v2\/posts\/613","targetHints":{"allow":["GET"]}}],"collection":[{"href":"https:\/\/www.philocite.eu\/blog\/wp-json\/wp\/v2\/posts"}],"about":[{"href":"https:\/\/www.philocite.eu\/blog\/wp-json\/wp\/v2\/types\/post"}],"author":[{"embeddable":true,"href":"https:\/\/www.philocite.eu\/blog\/wp-json\/wp\/v2\/users\/2"}],"replies":[{"embeddable":true,"href":"https:\/\/www.philocite.eu\/blog\/wp-json\/wp\/v2\/comments?post=613"}],"version-history":[{"count":1,"href":"https:\/\/www.philocite.eu\/blog\/wp-json\/wp\/v2\/posts\/613\/revisions"}],"predecessor-version":[{"id":614,"href":"https:\/\/www.philocite.eu\/blog\/wp-json\/wp\/v2\/posts\/613\/revisions\/614"}],"wp:attachment":[{"href":"https:\/\/www.philocite.eu\/blog\/wp-json\/wp\/v2\/media?parent=613"}],"wp:term":[{"taxonomy":"category","embeddable":true,"href":"https:\/\/www.philocite.eu\/blog\/wp-json\/wp\/v2\/categories?post=613"},{"taxonomy":"post_tag","embeddable":true,"href":"https:\/\/www.philocite.eu\/blog\/wp-json\/wp\/v2\/tags?post=613"}],"curies":[{"name":"wp","href":"https:\/\/api.w.org\/{rel}","templated":true}]}}