{"id":611,"date":"2017-12-05T10:37:39","date_gmt":"2017-12-05T09:37:39","guid":{"rendered":"http:\/\/www.philocite.eu\/blog\/?p=611"},"modified":"2017-12-05T10:37:39","modified_gmt":"2017-12-05T09:37:39","slug":"emotions-jerome-englebert-la-brigade-dintervention-philosophique-philocite-48fm","status":"publish","type":"post","link":"https:\/\/www.philocite.eu\/blog\/2017\/12\/05\/emotions-jerome-englebert-la-brigade-dintervention-philosophique-philocite-48fm\/","title":{"rendered":"\u00c9motions (J\u00e9r\u00f4me Englebert) \u2013 La Brigade d\u2019Intervention Philosophique (PhiloCit\u00e9\/48FM)"},"content":{"rendered":"<p><b>Interview J\u00e9r\u00f4me Englebert \u00ab\u00a0\u00c9motions\u00a0\u00bb (11:56)\u00a0:<\/b><\/p>\n<p><a href=\"https:\/\/www.mixcloud.com\/BIPh\/biph-interview-j%C3%A9r%C3%B4me-englebert-extrait-300416-la-brigade-dintervention-philosophique-48fm\/\">https:\/\/www.mixcloud.com\/BIPh\/biph-interview-j%C3%A9r%C3%B4me-englebert-extrait-300416-la-brigade-dintervention-philosophique-48fm\/<\/a><\/p>\n<p align=\"justify\">Intervenant de Philostory (Th\u00e9\u00e2tre de Li\u00e8ge) autour de la pi\u00e8ce de th\u00e9\u00e2tre \u00ab\u00a0Tristesses\u00a0\u00bb d&rsquo;Anne-C\u00e9cile Vandalem, J\u00e9r\u00f4me Englebert, psychologue clinicien puisant dans la psychopathologie ph\u00e9nom\u00e9nologique et dans l\u2019\u0153uvre de Sartre, questionne les rapports aux \u00e9motions avec la Brigade d\u2019Intervention Philosophique.<\/p>\n","protected":false},"excerpt":{"rendered":"<p>Interview J\u00e9r\u00f4me Englebert \u00ab\u00a0\u00c9motions\u00a0\u00bb (11:56)\u00a0: https:\/\/www.mixcloud.com\/BIPh\/biph-interview-j%C3%A9r%C3%B4me-englebert-extrait-300416-la-brigade-dintervention-philosophique-48fm\/ Intervenant de Philostory (Th\u00e9\u00e2tre de Li\u00e8ge) autour de la pi\u00e8ce de th\u00e9\u00e2tre \u00ab\u00a0Tristesses\u00a0\u00bb d&rsquo;Anne-C\u00e9cile Vandalem, J\u00e9r\u00f4me Englebert, psychologue clinicien puisant dans la psychopathologie ph\u00e9nom\u00e9nologique et dans l\u2019\u0153uvre de Sartre, questionne les rapports aux \u00e9motions avec la Brigade d\u2019Intervention Philosophique.<\/p>\n","protected":false},"author":2,"featured_media":0,"comment_status":"open","ping_status":"open","sticky":false,"template":"","format":"standard","meta":{"footnotes":""},"categories":[86,17],"tags":[31],"class_list":["post-611","post","type-post","status-publish","format-standard","hentry","category-support-audio","category-thematique","tag-emotions"],"_links":{"self":[{"href":"https:\/\/www.philocite.eu\/blog\/wp-json\/wp\/v2\/posts\/611","targetHints":{"allow":["GET"]}}],"collection":[{"href":"https:\/\/www.philocite.eu\/blog\/wp-json\/wp\/v2\/posts"}],"about":[{"href":"https:\/\/www.philocite.eu\/blog\/wp-json\/wp\/v2\/types\/post"}],"author":[{"embeddable":true,"href":"https:\/\/www.philocite.eu\/blog\/wp-json\/wp\/v2\/users\/2"}],"replies":[{"embeddable":true,"href":"https:\/\/www.philocite.eu\/blog\/wp-json\/wp\/v2\/comments?post=611"}],"version-history":[{"count":1,"href":"https:\/\/www.philocite.eu\/blog\/wp-json\/wp\/v2\/posts\/611\/revisions"}],"predecessor-version":[{"id":612,"href":"https:\/\/www.philocite.eu\/blog\/wp-json\/wp\/v2\/posts\/611\/revisions\/612"}],"wp:attachment":[{"href":"https:\/\/www.philocite.eu\/blog\/wp-json\/wp\/v2\/media?parent=611"}],"wp:term":[{"taxonomy":"category","embeddable":true,"href":"https:\/\/www.philocite.eu\/blog\/wp-json\/wp\/v2\/categories?post=611"},{"taxonomy":"post_tag","embeddable":true,"href":"https:\/\/www.philocite.eu\/blog\/wp-json\/wp\/v2\/tags?post=611"}],"curies":[{"name":"wp","href":"https:\/\/api.w.org\/{rel}","templated":true}]}}